{"id":537,"date":"2024-03-19T09:17:33","date_gmt":"2024-03-19T09:17:33","guid":{"rendered":"https:\/\/tp3.forschungsgruppe-pronomen.de\/?p=537"},"modified":"2024-09-17T07:26:54","modified_gmt":"2024-09-17T07:26:54","slug":"theme-session-auf-der-dgkl-2024-in-osnabrueck","status":"publish","type":"post","link":"https:\/\/tp3.forschungsgruppe-pronomen.de\/en\/theme-session-auf-der-dgkl-2024-in-osnabrueck\/","title":{"rendered":"Theme Session DGKL 2024 in Osnabr\u00fcck"},"content":{"rendered":"<p>Nathalie Bauer, Jens Lanwer und Timo Sch\u00fcrmann haben im Rahmen der diesj\u00e4hrigen 10th International Conference of the German Cognitive Linguistics Association\u00a0(GCLA\/Deutsche Gesellschaft f\u00fcr kognitive Linguistik &#8211; DGKL) eine Theme Session zu \u201eChunking phenomena and phonological reorganization in spoken interaction\u201c organisisert. Die Tagung fand vom 04.-06.09.2024 an der Universit\u00e4t Osnabr\u00fcck statt. <\/p>\n\n\n\n<p><\/p>","protected":false},"excerpt":{"rendered":"<p>Nathalie Bauer, Jens Lanwer und Timo Sch\u00fcrmann haben im Rahmen der diesj\u00e4hrigen 10th International Conference of the German Cognitive Linguistics Association\u00a0(GCLA\/Deutsche Gesellschaft f\u00fcr kognitive Linguistik &#8211; DGKL) eine Theme Session zu \u201eChunking phenomena and phonological reorganization in spoken interaction\u201c organisisert. Die Tagung fand vom 04.-06.09.2024 an der Universit\u00e4t Osnabr\u00fcck statt.<\/p>","protected":false},"author":3,"featured_media":546,"comment_status":"closed","ping_status":"closed","sticky":false,"template":"","format":"standard","meta":{"site-container-style":"default","site-container-layout":"default","site-sidebar-layout":"default","disable-article-header":"default","disable-site-header":"default","disable-site-footer":"default","disable-content-area-spacing":"default","footnotes":""},"categories":[1],"tags":[],"class_list":["post-537","post","type-post","status-publish","format-standard","has-post-thumbnail","hentry","category-uncategorized"],"publishpress_future_action":{"enabled":false,"date":"2026-05-10 16:25:06","action":"change-status","newStatus":"draft","terms":[],"taxonomy":"category","extraData":[]},"publishpress_future_workflow_manual_trigger":{"enabledWorkflows":[]},"_links":{"self":[{"href":"https:\/\/tp3.forschungsgruppe-pronomen.de\/en\/wp-json\/wp\/v2\/posts\/537","targetHints":{"allow":["GET"]}}],"collection":[{"href":"https:\/\/tp3.forschungsgruppe-pronomen.de\/en\/wp-json\/wp\/v2\/posts"}],"about":[{"href":"https:\/\/tp3.forschungsgruppe-pronomen.de\/en\/wp-json\/wp\/v2\/types\/post"}],"author":[{"embeddable":true,"href":"https:\/\/tp3.forschungsgruppe-pronomen.de\/en\/wp-json\/wp\/v2\/users\/3"}],"replies":[{"embeddable":true,"href":"https:\/\/tp3.forschungsgruppe-pronomen.de\/en\/wp-json\/wp\/v2\/comments?post=537"}],"version-history":[{"count":6,"href":"https:\/\/tp3.forschungsgruppe-pronomen.de\/en\/wp-json\/wp\/v2\/posts\/537\/revisions"}],"predecessor-version":[{"id":555,"href":"https:\/\/tp3.forschungsgruppe-pronomen.de\/en\/wp-json\/wp\/v2\/posts\/537\/revisions\/555"}],"wp:featuredmedia":[{"embeddable":true,"href":"https:\/\/tp3.forschungsgruppe-pronomen.de\/en\/wp-json\/wp\/v2\/media\/546"}],"wp:attachment":[{"href":"https:\/\/tp3.forschungsgruppe-pronomen.de\/en\/wp-json\/wp\/v2\/media?parent=537"}],"wp:term":[{"taxonomy":"category","embeddable":true,"href":"https:\/\/tp3.forschungsgruppe-pronomen.de\/en\/wp-json\/wp\/v2\/categories?post=537"},{"taxonomy":"post_tag","embeddable":true,"href":"https:\/\/tp3.forschungsgruppe-pronomen.de\/en\/wp-json\/wp\/v2\/tags?post=537"}],"curies":[{"name":"wp","href":"https:\/\/api.w.org\/{rel}","templated":true}]}}