{"id":598,"date":"2026-04-22T09:04:39","date_gmt":"2026-04-22T09:04:39","guid":{"rendered":"https:\/\/tp3.forschungsgruppe-pronomen.de\/?p=598"},"modified":"2026-04-22T09:26:44","modified_gmt":"2026-04-22T09:26:44","slug":"neuerscheinung-zgl-themenheft","status":"publish","type":"post","link":"https:\/\/tp3.forschungsgruppe-pronomen.de\/en\/neuerscheinung-zgl-themenheft\/","title":{"rendered":"Neuerscheinung: ZGL-Themenheft"},"content":{"rendered":"<p>Das von Nathalie Bauer und Jens Lanwer herausgegebene Themenheft zu &#8222;Personenreferenz und Perspektive&#8220; ist Anfang April 2026 in der Zeitschrift f\u00fcr Germanistische Linguistik erschienen. Die Beitr\u00e4ge k\u00f6nnen <a href=\"https:\/\/www.degruyterbrill.com\/journal\/key\/zfgl\/54\/1\/html?srsltid=AfmBOoqs_9ZsVzOUamDGVh2YGyL9v51rnXClweVB0gS9evaHGGMGI56y\" data-type=\"link\" data-id=\"https:\/\/www.degruyterbrill.com\/journal\/key\/zfgl\/54\/1\/html?srsltid=AfmBOoqs_9ZsVzOUamDGVh2YGyL9v51rnXClweVB0gS9evaHGGMGI56y\">hier<\/a> be downloaded here.<\/p>\n\n\n\n<p><\/p>","protected":false},"excerpt":{"rendered":"<p>Das von Nathalie Bauer und Jens Lanwer herausgegebene Themenheft zu &#8222;Personenreferenz und Perspektive&#8220; ist Anfang April 2026 in der Zeitschrift f\u00fcr Germanistische Linguistik erschienen. Die Beitr\u00e4ge k\u00f6nnen hier eingesehen werden.<\/p>","protected":false},"author":3,"featured_media":604,"comment_status":"open","ping_status":"open","sticky":false,"template":"","format":"standard","meta":{"site-container-style":"default","site-container-layout":"default","site-sidebar-layout":"default","disable-article-header":"default","disable-site-header":"default","disable-site-footer":"default","disable-content-area-spacing":"default","footnotes":""},"categories":[1],"tags":[],"class_list":["post-598","post","type-post","status-publish","format-standard","has-post-thumbnail","hentry","category-uncategorized"],"publishpress_future_action":{"enabled":false,"date":"2026-05-10 16:22:20","action":"change-status","newStatus":"draft","terms":[],"taxonomy":"category","extraData":[]},"publishpress_future_workflow_manual_trigger":{"enabledWorkflows":[]},"_links":{"self":[{"href":"https:\/\/tp3.forschungsgruppe-pronomen.de\/en\/wp-json\/wp\/v2\/posts\/598","targetHints":{"allow":["GET"]}}],"collection":[{"href":"https:\/\/tp3.forschungsgruppe-pronomen.de\/en\/wp-json\/wp\/v2\/posts"}],"about":[{"href":"https:\/\/tp3.forschungsgruppe-pronomen.de\/en\/wp-json\/wp\/v2\/types\/post"}],"author":[{"embeddable":true,"href":"https:\/\/tp3.forschungsgruppe-pronomen.de\/en\/wp-json\/wp\/v2\/users\/3"}],"replies":[{"embeddable":true,"href":"https:\/\/tp3.forschungsgruppe-pronomen.de\/en\/wp-json\/wp\/v2\/comments?post=598"}],"version-history":[{"count":1,"href":"https:\/\/tp3.forschungsgruppe-pronomen.de\/en\/wp-json\/wp\/v2\/posts\/598\/revisions"}],"predecessor-version":[{"id":599,"href":"https:\/\/tp3.forschungsgruppe-pronomen.de\/en\/wp-json\/wp\/v2\/posts\/598\/revisions\/599"}],"wp:featuredmedia":[{"embeddable":true,"href":"https:\/\/tp3.forschungsgruppe-pronomen.de\/en\/wp-json\/wp\/v2\/media\/604"}],"wp:attachment":[{"href":"https:\/\/tp3.forschungsgruppe-pronomen.de\/en\/wp-json\/wp\/v2\/media?parent=598"}],"wp:term":[{"taxonomy":"category","embeddable":true,"href":"https:\/\/tp3.forschungsgruppe-pronomen.de\/en\/wp-json\/wp\/v2\/categories?post=598"},{"taxonomy":"post_tag","embeddable":true,"href":"https:\/\/tp3.forschungsgruppe-pronomen.de\/en\/wp-json\/wp\/v2\/tags?post=598"}],"curies":[{"name":"wp","href":"https:\/\/api.w.org\/{rel}","templated":true}]}}